{"id":229,"date":"2018-11-18T12:11:28","date_gmt":"2018-11-18T12:11:28","guid":{"rendered":"http:\/\/www.hoolekandeteenused.ee\/heahoog\/?p=229"},"modified":"2019-02-06T13:48:53","modified_gmt":"2019-02-06T13:48:53","slug":"229","status":"publish","type":"post","link":"https:\/\/www.hoolekandeteenused.ee\/heahoog\/229\/","title":{"rendered":"SA-l Hea Hoog on uus juht &#8211; Demis Voss"},"content":{"rendered":"<p>1. oktoobrist alustas SA Hea Hoog juhtimist Demis Voss. Endine juht Anu Hall j\u00e4tkab Sihasutuse arendusjuhina. Novembri keskel viis meie turundusspetsialist Keiti Piirisild Demisega l\u00e4bi intervjuu:\u00a0<\/p>\n<p><img loading=\"lazy\" decoding=\"async\" class=\"alignright size-medium wp-image-230\" src=\"http:\/\/www.hoolekandeteenused.ee\/heahoog\/wp-content\/uploads\/sites\/2\/2018\/12\/DemisVoss-300x300.jpg\" alt=\"DemisVoss\" width=\"300\" height=\"300\" srcset=\"https:\/\/www.hoolekandeteenused.ee\/heahoog\/wp-content\/uploads\/sites\/2\/2018\/12\/DemisVoss-300x300.jpg 300w, https:\/\/www.hoolekandeteenused.ee\/heahoog\/wp-content\/uploads\/sites\/2\/2018\/12\/DemisVoss-150x150.jpg 150w, https:\/\/www.hoolekandeteenused.ee\/heahoog\/wp-content\/uploads\/sites\/2\/2018\/12\/DemisVoss-768x768.jpg 768w, https:\/\/www.hoolekandeteenused.ee\/heahoog\/wp-content\/uploads\/sites\/2\/2018\/12\/DemisVoss.jpg 960w\" sizes=\"auto, (max-width: 300px) 100vw, 300px\">Demis on t\u00e4naseks t\u00f6\u00f6tanud SAHHis (SA Hea Hoog) juba poolteist kuud. Uurisin, kuidas on sisseelamine l\u00e4inud ning millised on tema esimesed m\u00f5tted ning vaated tuleviku suunas.<\/p>\n<p>Enne t\u00f6\u00f6le asumist valdas Demist suur p\u00f5nevus \u2013 uus valdkond ja uus v\u00e4ljakutse. Eelinfo SAHHi kohta piirdus majandusaasta aruannete ja netist k\u00e4ttesaadava avaliku infoga. \u201eTeadsin, millega SAHH tegeleb, kuid ei teadnud kuidas. Just seda ma sisseelamisel \u00f5pingi \u2013 \u201eKuidas?\u201c.\u201c<\/p>\n<p>Demisele on alati olnud oluline missiooniga t\u00f6\u00f6. SAHH tingimata seda ka pakub.<\/p>\n<p>\u00dche uue kogemusena t\u00f5i Demis v\u00e4lja kokkupuute erivajadusega inimestega. Varasemalt pole ta sotsiaalvaldkonnas t\u00f6\u00f6tanud. Millele t\u00e4helepanu p\u00f6\u00f6rata, kuidas k\u00e4ituda \u2013 k\u00f5ik see oli Demise jaoks uus. Esimest korda n\u00e4gigi Demis meie kliente Tallinna t\u00f6\u00f6keskuse avamisel septembri kuus. Ta oli liigutatud soojast vastuv\u00f5tust.\u00a0 \u201ePositiivne on n\u00e4ha siirust ja otsekohesust \u2013 igap\u00e4eva elus tihti n\u00e4eb teeseldud siirust. V\u00e4rskendav on n\u00e4ha seda ehedust.\u201c<\/p>\n<p>Oluline osa sisseelamisest on olnud t\u00f6\u00f6keskuste k\u00fclastamine. \u201eVisiidid kinnistasid seda, et t\u00f6\u00f6 on t\u00f5epoolest missioonit\u00f6\u00f6 ja n\u00e4hes mida tehakse, saan aru et on potentsiaali p\u00fcstitatud t\u00f6\u00f6\u00fclesandeid p\u00e4riselt t\u00e4ita.\u201c \u00dcldse t\u00f5des Demis meeldivalt, et SAHHi tegevus on olnud ajas kasvav ja numbriliselt v\u00e4ljendudes hea. On loodud hea pinnas positiivseks arenguks ja v\u00f5imalus on p\u00e4riselt tegeleda hea asja arenguga. \u00a0\u201eKui miski toimib, saab seda edasi arendada. Hea teada, et tegu pole uppuva laeva p\u00e4\u00e4stmisega.\u201c \u00a0Sealjuures r\u00f5hutab Demis, et k\u00f5ikide asjade arendamine on hea ja kriitika ei t\u00e4henda, et midagi oleks pahasti olnud.<\/p>\n<p>Eestis on 152\u00a0000 erivajadusega inimest. See on suur potentsiaal t\u00f6\u00f6ks ning v\u00e4ljakutse. See arv n\u00e4itab, et SAHH on kindlasti vajalik ning meie t\u00f6\u00f6 peab j\u00e4tkuma.<\/p>\n<p>Novembris on juba olnud vaja palju asju kinnitada, arendada ja teha, seega on olnud oluline kiiresti end asjadega kurssi viia. \u201eT\u00f6\u00f6 on olnud intensiivne ja t\u00e4itnud oma eesm\u00e4rgi \u2013 oluline info on k\u00e4es ning on selgunud ka prioriteedid, mis vajab kiiremat tegutsemist ning millega on veel veidi aega.\u201c \u00dcheks suurimaks r\u00f5\u00f5muks oma uue ametikoha juures peab Demis teotahtelist kollektiivi. \u201eKui ei ole inimesi, kes kaasa tuleksid, on raske t\u00f6\u00f6d teha.\u201c<\/p>\n<p>Juhina on Demis meeskonnam\u00e4ngija: \u201eArvestada tuleb erinevaid osapooli, kedagi ei tohiks infov\u00e4ljast isoleerida\u201c. Oluliseks peab ta justnimelt \u00fchise pingutuse tulemust, mitte \u00fcksikuid staare. \u201ePaindlikkus on oluline nii mulle, kui ilmselt ka kolleegidele.\u201c Demis n\u00e4eb, et \u00fclesannete lahendamiseks on mitmeid erinevaid viise, mitte kindlad reeglid. Hinnates initsiatiivikust ja lahenduste v\u00e4ljapakkumist, j\u00e4rgnevad muredele alati ka v\u00f5imalikud lahendused. \u00a0\u201eUsun, et kui inimesed saavad ise vabaduse valida t\u00f6\u00f6 meetodeid, aega ja vastutust, siis nad tunnevad, et tegevus ja panus on nende oma, m\u00f5istavad kuuluvust. Vabadus, paindlikkus, initsiatiiv ei ole mitte karistatav vaid motiveeritud ja toetatav. Lisa-arenguv\u00f5imaluste m\u00e4rkamine ja nendest kinni haaramine on v\u00e4ga tervitatav.\u201c<\/p>\n<p>Kolme aasta p\u00e4rast n\u00e4eb Demis SAHHi fookust kaitstud t\u00f6\u00f6 teenuse osutamisel, olles sellega \u00fcle Eesti tuntud. Ettev\u00f5tluse suund on selleks ajaks oluliselt suurenenud ja protsessid on loogilised ja efektiivsed. Tegeleme kvaliteetselt ettev\u00f5tjate probleemide lahendamisega, pakkudes neile just oma lahendusi. SAHH on paindlik ja ajas kohanduv vastavalt turu vajadusele ja n\u00f5udlusele. Sihtgrupp on ka laienenud, me ei vahenda t\u00f6\u00f6d ainult ps\u00fc\u00fchilise erivajadusega inimestele.<\/p>\n<p>J\u00f5udu Demisele ja kogu kollektiivile, et eesm\u00e4rgid ka t\u00e4idetud saaksid!<\/p>\n<p><em>Keiti Piirisild<\/em><br>\n<em>Turundusspetsialist<\/em><\/p>\n","protected":false},"excerpt":{"rendered":"<p>1. oktoobrist alustas SA Hea Hoog juhtimist Demis Voss. Endine juht Anu Hall j\u00e4tkab Sihasutuse arendusjuhina. Novembri keskel viis meie turundusspetsialist Keiti Piirisild Demisega l\u00e4bi intervjuu:\u00a0 Demis on t\u00e4naseks t\u00f6\u00f6tanud SAHHis (SA Hea Hoog) juba poolteist kuud. Uurisin, kuidas on sisseelamine l\u00e4inud ning millised on tema esimesed m\u00f5tted ning vaated tuleviku suunas. Enne t\u00f6\u00f6le asumist &hellip; <a href=\"https:\/\/www.hoolekandeteenused.ee\/heahoog\/229\/\" class=\"more-link\">Loe edasi<span class=\"screen-reader-text\"> &#8220;SA-l Hea Hoog on uus juht &#8211; Demis Voss&#8221;<\/span><\/a><\/p>\n","protected":false},"author":2,"featured_media":230,"comment_status":"open","ping_status":"open","sticky":false,"template":"","format":"standard","meta":{"_acf_changed":false,"footnotes":""},"categories":[1],"tags":[18,19],"class_list":["post-229","post","type-post","status-publish","format-standard","has-post-thumbnail","hentry","category-uncategorized-et","tag-hea-hoog","tag-toohoive"],"acf":[],"yoast_head":"<!-- This site is optimized with the Yoast SEO plugin v27.3 - https:\/\/yoast.com\/product\/yoast-seo-wordpress\/ -->\n<title>SA-l Hea Hoog on uus juht - Demis Voss - Hea Hoog<\/title>\n<meta name=\"robots\" content=\"index, follow, max-snippet:-1, max-image-preview:large, max-video-preview:-1\" \/>\n<link rel=\"canonical\" href=\"https:\/\/www.hoolekandeteenused.ee\/heahoog\/229\/\" \/>\n<meta property=\"og:locale\" content=\"et_EE\" \/>\n<meta property=\"og:type\" content=\"article\" \/>\n<meta property=\"og:title\" content=\"SA-l Hea Hoog on uus juht - Demis Voss - Hea Hoog\" \/>\n<meta property=\"og:description\" content=\"1. oktoobrist alustas SA Hea Hoog juhtimist Demis Voss. Endine juht Anu Hall j\u00e4tkab Sihasutuse arendusjuhina. Novembri keskel viis meie turundusspetsialist Keiti Piirisild Demisega l\u00e4bi intervjuu:\u00a0 Demis on t\u00e4naseks t\u00f6\u00f6tanud SAHHis (SA Hea Hoog) juba poolteist kuud. Uurisin, kuidas on sisseelamine l\u00e4inud ning millised on tema esimesed m\u00f5tted ning vaated tuleviku suunas. Enne t\u00f6\u00f6le asumist &hellip; Loe edasi &quot;SA-l Hea Hoog on uus juht &#8211; Demis Voss&quot;\" \/>\n<meta property=\"og:url\" content=\"https:\/\/www.hoolekandeteenused.ee\/heahoog\/229\/\" \/>\n<meta property=\"og:site_name\" content=\"Hea Hoog\" \/>\n<meta property=\"article:published_time\" content=\"2018-11-18T12:11:28+00:00\" \/>\n<meta property=\"article:modified_time\" content=\"2019-02-06T13:48:53+00:00\" \/>\n<meta property=\"og:image\" content=\"https:\/\/www.hoolekandeteenused.ee\/heahoog\/wp-content\/uploads\/sites\/2\/2018\/12\/DemisVoss.jpg\" \/>\n\t<meta property=\"og:image:width\" content=\"960\" \/>\n\t<meta property=\"og:image:height\" content=\"960\" \/>\n\t<meta property=\"og:image:type\" content=\"image\/jpeg\" \/>\n<meta name=\"author\" content=\"innar\" \/>\n<meta name=\"twitter:card\" content=\"summary_large_image\" \/>\n<meta name=\"twitter:label1\" content=\"Written by\" \/>\n\t<meta name=\"twitter:data1\" content=\"innar\" \/>\n\t<meta name=\"twitter:label2\" content=\"Est. reading time\" \/>\n\t<meta name=\"twitter:data2\" content=\"3 minutit\" \/>\n<script type=\"application\/ld+json\" class=\"yoast-schema-graph\">{\"@context\":\"https:\\\/\\\/schema.org\",\"@graph\":[{\"@type\":\"Article\",\"@id\":\"https:\\\/\\\/www.hoolekandeteenused.ee\\\/heahoog\\\/229\\\/#article\",\"isPartOf\":{\"@id\":\"https:\\\/\\\/www.hoolekandeteenused.ee\\\/heahoog\\\/229\\\/\"},\"author\":{\"name\":\"innar\",\"@id\":\"https:\\\/\\\/www.hoolekandeteenused.ee\\\/heahoog\\\/#\\\/schema\\\/person\\\/731fd2e40c2a9735f3925e456e930a9a\"},\"headline\":\"SA-l Hea Hoog on uus juht &#8211; Demis Voss\",\"datePublished\":\"2018-11-18T12:11:28+00:00\",\"dateModified\":\"2019-02-06T13:48:53+00:00\",\"mainEntityOfPage\":{\"@id\":\"https:\\\/\\\/www.hoolekandeteenused.ee\\\/heahoog\\\/229\\\/\"},\"wordCount\":601,\"commentCount\":0,\"image\":{\"@id\":\"https:\\\/\\\/www.hoolekandeteenused.ee\\\/heahoog\\\/229\\\/#primaryimage\"},\"thumbnailUrl\":\"https:\\\/\\\/www.hoolekandeteenused.ee\\\/heahoog\\\/wp-content\\\/uploads\\\/sites\\\/2\\\/2018\\\/12\\\/DemisVoss.jpg\",\"keywords\":[\"Hea Hoog\",\"T\u00f6\u00f6h\u00f5ive\"],\"articleSection\":[\"Uncategorized @et\"],\"inLanguage\":\"et\",\"potentialAction\":[{\"@type\":\"CommentAction\",\"name\":\"Comment\",\"target\":[\"https:\\\/\\\/www.hoolekandeteenused.ee\\\/heahoog\\\/229\\\/#respond\"]}]},{\"@type\":\"WebPage\",\"@id\":\"https:\\\/\\\/www.hoolekandeteenused.ee\\\/heahoog\\\/229\\\/\",\"url\":\"https:\\\/\\\/www.hoolekandeteenused.ee\\\/heahoog\\\/229\\\/\",\"name\":\"SA-l Hea Hoog on uus juht - Demis Voss - Hea Hoog\",\"isPartOf\":{\"@id\":\"https:\\\/\\\/www.hoolekandeteenused.ee\\\/heahoog\\\/#website\"},\"primaryImageOfPage\":{\"@id\":\"https:\\\/\\\/www.hoolekandeteenused.ee\\\/heahoog\\\/229\\\/#primaryimage\"},\"image\":{\"@id\":\"https:\\\/\\\/www.hoolekandeteenused.ee\\\/heahoog\\\/229\\\/#primaryimage\"},\"thumbnailUrl\":\"https:\\\/\\\/www.hoolekandeteenused.ee\\\/heahoog\\\/wp-content\\\/uploads\\\/sites\\\/2\\\/2018\\\/12\\\/DemisVoss.jpg\",\"datePublished\":\"2018-11-18T12:11:28+00:00\",\"dateModified\":\"2019-02-06T13:48:53+00:00\",\"author\":{\"@id\":\"https:\\\/\\\/www.hoolekandeteenused.ee\\\/heahoog\\\/#\\\/schema\\\/person\\\/731fd2e40c2a9735f3925e456e930a9a\"},\"breadcrumb\":{\"@id\":\"https:\\\/\\\/www.hoolekandeteenused.ee\\\/heahoog\\\/229\\\/#breadcrumb\"},\"inLanguage\":\"et\",\"potentialAction\":[{\"@type\":\"ReadAction\",\"target\":[\"https:\\\/\\\/www.hoolekandeteenused.ee\\\/heahoog\\\/229\\\/\"]}]},{\"@type\":\"ImageObject\",\"inLanguage\":\"et\",\"@id\":\"https:\\\/\\\/www.hoolekandeteenused.ee\\\/heahoog\\\/229\\\/#primaryimage\",\"url\":\"https:\\\/\\\/www.hoolekandeteenused.ee\\\/heahoog\\\/wp-content\\\/uploads\\\/sites\\\/2\\\/2018\\\/12\\\/DemisVoss.jpg\",\"contentUrl\":\"https:\\\/\\\/www.hoolekandeteenused.ee\\\/heahoog\\\/wp-content\\\/uploads\\\/sites\\\/2\\\/2018\\\/12\\\/DemisVoss.jpg\",\"width\":960,\"height\":960},{\"@type\":\"BreadcrumbList\",\"@id\":\"https:\\\/\\\/www.hoolekandeteenused.ee\\\/heahoog\\\/229\\\/#breadcrumb\",\"itemListElement\":[{\"@type\":\"ListItem\",\"position\":1,\"name\":\"Home\",\"item\":\"https:\\\/\\\/www.hoolekandeteenused.ee\\\/heahoog\\\/\"},{\"@type\":\"ListItem\",\"position\":2,\"name\":\"SA-l Hea Hoog on uus juht &#8211; Demis Voss\"}]},{\"@type\":\"WebSite\",\"@id\":\"https:\\\/\\\/www.hoolekandeteenused.ee\\\/heahoog\\\/#website\",\"url\":\"https:\\\/\\\/www.hoolekandeteenused.ee\\\/heahoog\\\/\",\"name\":\"Hea Hoog\",\"description\":\"Just another Hoolekandeteenused site\",\"potentialAction\":[{\"@type\":\"SearchAction\",\"target\":{\"@type\":\"EntryPoint\",\"urlTemplate\":\"https:\\\/\\\/www.hoolekandeteenused.ee\\\/heahoog\\\/?s={search_term_string}\"},\"query-input\":{\"@type\":\"PropertyValueSpecification\",\"valueRequired\":true,\"valueName\":\"search_term_string\"}}],\"inLanguage\":\"et\"},{\"@type\":\"Person\",\"@id\":\"https:\\\/\\\/www.hoolekandeteenused.ee\\\/heahoog\\\/#\\\/schema\\\/person\\\/731fd2e40c2a9735f3925e456e930a9a\",\"name\":\"innar\",\"image\":{\"@type\":\"ImageObject\",\"inLanguage\":\"et\",\"@id\":\"https:\\\/\\\/secure.gravatar.com\\\/avatar\\\/7340ea0c09aa6dc2a0758a6772316f2c2fcbb8b7712c21a6176fe02e893e70d8?s=96&d=mm&r=g\",\"url\":\"https:\\\/\\\/secure.gravatar.com\\\/avatar\\\/7340ea0c09aa6dc2a0758a6772316f2c2fcbb8b7712c21a6176fe02e893e70d8?s=96&d=mm&r=g\",\"contentUrl\":\"https:\\\/\\\/secure.gravatar.com\\\/avatar\\\/7340ea0c09aa6dc2a0758a6772316f2c2fcbb8b7712c21a6176fe02e893e70d8?s=96&d=mm&r=g\",\"caption\":\"innar\"},\"url\":\"https:\\\/\\\/www.hoolekandeteenused.ee\\\/heahoog\\\/author\\\/innar\\\/\"}]}<\/script>\n<!-- \/ Yoast SEO plugin. -->","yoast_head_json":{"title":"SA-l Hea Hoog on uus juht - Demis Voss - Hea Hoog","robots":{"index":"index","follow":"follow","max-snippet":"max-snippet:-1","max-image-preview":"max-image-preview:large","max-video-preview":"max-video-preview:-1"},"canonical":"https:\/\/www.hoolekandeteenused.ee\/heahoog\/229\/","og_locale":"et_EE","og_type":"article","og_title":"SA-l Hea Hoog on uus juht - Demis Voss - Hea Hoog","og_description":"1. oktoobrist alustas SA Hea Hoog juhtimist Demis Voss. Endine juht Anu Hall j\u00e4tkab Sihasutuse arendusjuhina. Novembri keskel viis meie turundusspetsialist Keiti Piirisild Demisega l\u00e4bi intervjuu:\u00a0 Demis on t\u00e4naseks t\u00f6\u00f6tanud SAHHis (SA Hea Hoog) juba poolteist kuud. Uurisin, kuidas on sisseelamine l\u00e4inud ning millised on tema esimesed m\u00f5tted ning vaated tuleviku suunas. Enne t\u00f6\u00f6le asumist &hellip; Loe edasi \"SA-l Hea Hoog on uus juht &#8211; Demis Voss\"","og_url":"https:\/\/www.hoolekandeteenused.ee\/heahoog\/229\/","og_site_name":"Hea Hoog","article_published_time":"2018-11-18T12:11:28+00:00","article_modified_time":"2019-02-06T13:48:53+00:00","og_image":[{"width":960,"height":960,"url":"https:\/\/www.hoolekandeteenused.ee\/heahoog\/wp-content\/uploads\/sites\/2\/2018\/12\/DemisVoss.jpg","type":"image\/jpeg"}],"author":"innar","twitter_card":"summary_large_image","twitter_misc":{"Written by":"innar","Est. reading time":"3 minutit"},"schema":{"@context":"https:\/\/schema.org","@graph":[{"@type":"Article","@id":"https:\/\/www.hoolekandeteenused.ee\/heahoog\/229\/#article","isPartOf":{"@id":"https:\/\/www.hoolekandeteenused.ee\/heahoog\/229\/"},"author":{"name":"innar","@id":"https:\/\/www.hoolekandeteenused.ee\/heahoog\/#\/schema\/person\/731fd2e40c2a9735f3925e456e930a9a"},"headline":"SA-l Hea Hoog on uus juht &#8211; Demis Voss","datePublished":"2018-11-18T12:11:28+00:00","dateModified":"2019-02-06T13:48:53+00:00","mainEntityOfPage":{"@id":"https:\/\/www.hoolekandeteenused.ee\/heahoog\/229\/"},"wordCount":601,"commentCount":0,"image":{"@id":"https:\/\/www.hoolekandeteenused.ee\/heahoog\/229\/#primaryimage"},"thumbnailUrl":"https:\/\/www.hoolekandeteenused.ee\/heahoog\/wp-content\/uploads\/sites\/2\/2018\/12\/DemisVoss.jpg","keywords":["Hea Hoog","T\u00f6\u00f6h\u00f5ive"],"articleSection":["Uncategorized @et"],"inLanguage":"et","potentialAction":[{"@type":"CommentAction","name":"Comment","target":["https:\/\/www.hoolekandeteenused.ee\/heahoog\/229\/#respond"]}]},{"@type":"WebPage","@id":"https:\/\/www.hoolekandeteenused.ee\/heahoog\/229\/","url":"https:\/\/www.hoolekandeteenused.ee\/heahoog\/229\/","name":"SA-l Hea Hoog on uus juht - Demis Voss - Hea Hoog","isPartOf":{"@id":"https:\/\/www.hoolekandeteenused.ee\/heahoog\/#website"},"primaryImageOfPage":{"@id":"https:\/\/www.hoolekandeteenused.ee\/heahoog\/229\/#primaryimage"},"image":{"@id":"https:\/\/www.hoolekandeteenused.ee\/heahoog\/229\/#primaryimage"},"thumbnailUrl":"https:\/\/www.hoolekandeteenused.ee\/heahoog\/wp-content\/uploads\/sites\/2\/2018\/12\/DemisVoss.jpg","datePublished":"2018-11-18T12:11:28+00:00","dateModified":"2019-02-06T13:48:53+00:00","author":{"@id":"https:\/\/www.hoolekandeteenused.ee\/heahoog\/#\/schema\/person\/731fd2e40c2a9735f3925e456e930a9a"},"breadcrumb":{"@id":"https:\/\/www.hoolekandeteenused.ee\/heahoog\/229\/#breadcrumb"},"inLanguage":"et","potentialAction":[{"@type":"ReadAction","target":["https:\/\/www.hoolekandeteenused.ee\/heahoog\/229\/"]}]},{"@type":"ImageObject","inLanguage":"et","@id":"https:\/\/www.hoolekandeteenused.ee\/heahoog\/229\/#primaryimage","url":"https:\/\/www.hoolekandeteenused.ee\/heahoog\/wp-content\/uploads\/sites\/2\/2018\/12\/DemisVoss.jpg","contentUrl":"https:\/\/www.hoolekandeteenused.ee\/heahoog\/wp-content\/uploads\/sites\/2\/2018\/12\/DemisVoss.jpg","width":960,"height":960},{"@type":"BreadcrumbList","@id":"https:\/\/www.hoolekandeteenused.ee\/heahoog\/229\/#breadcrumb","itemListElement":[{"@type":"ListItem","position":1,"name":"Home","item":"https:\/\/www.hoolekandeteenused.ee\/heahoog\/"},{"@type":"ListItem","position":2,"name":"SA-l Hea Hoog on uus juht &#8211; Demis Voss"}]},{"@type":"WebSite","@id":"https:\/\/www.hoolekandeteenused.ee\/heahoog\/#website","url":"https:\/\/www.hoolekandeteenused.ee\/heahoog\/","name":"Hea Hoog","description":"Just another Hoolekandeteenused site","potentialAction":[{"@type":"SearchAction","target":{"@type":"EntryPoint","urlTemplate":"https:\/\/www.hoolekandeteenused.ee\/heahoog\/?s={search_term_string}"},"query-input":{"@type":"PropertyValueSpecification","valueRequired":true,"valueName":"search_term_string"}}],"inLanguage":"et"},{"@type":"Person","@id":"https:\/\/www.hoolekandeteenused.ee\/heahoog\/#\/schema\/person\/731fd2e40c2a9735f3925e456e930a9a","name":"innar","image":{"@type":"ImageObject","inLanguage":"et","@id":"https:\/\/secure.gravatar.com\/avatar\/7340ea0c09aa6dc2a0758a6772316f2c2fcbb8b7712c21a6176fe02e893e70d8?s=96&d=mm&r=g","url":"https:\/\/secure.gravatar.com\/avatar\/7340ea0c09aa6dc2a0758a6772316f2c2fcbb8b7712c21a6176fe02e893e70d8?s=96&d=mm&r=g","contentUrl":"https:\/\/secure.gravatar.com\/avatar\/7340ea0c09aa6dc2a0758a6772316f2c2fcbb8b7712c21a6176fe02e893e70d8?s=96&d=mm&r=g","caption":"innar"},"url":"https:\/\/www.hoolekandeteenused.ee\/heahoog\/author\/innar\/"}]}},"_links":{"self":[{"href":"https:\/\/www.hoolekandeteenused.ee\/heahoog\/wp-json\/wp\/v2\/posts\/229","targetHints":{"allow":["GET"]}}],"collection":[{"href":"https:\/\/www.hoolekandeteenused.ee\/heahoog\/wp-json\/wp\/v2\/posts"}],"about":[{"href":"https:\/\/www.hoolekandeteenused.ee\/heahoog\/wp-json\/wp\/v2\/types\/post"}],"author":[{"embeddable":true,"href":"https:\/\/www.hoolekandeteenused.ee\/heahoog\/wp-json\/wp\/v2\/users\/2"}],"replies":[{"embeddable":true,"href":"https:\/\/www.hoolekandeteenused.ee\/heahoog\/wp-json\/wp\/v2\/comments?post=229"}],"version-history":[{"count":5,"href":"https:\/\/www.hoolekandeteenused.ee\/heahoog\/wp-json\/wp\/v2\/posts\/229\/revisions"}],"predecessor-version":[{"id":299,"href":"https:\/\/www.hoolekandeteenused.ee\/heahoog\/wp-json\/wp\/v2\/posts\/229\/revisions\/299"}],"wp:featuredmedia":[{"embeddable":true,"href":"https:\/\/www.hoolekandeteenused.ee\/heahoog\/wp-json\/wp\/v2\/media\/230"}],"wp:attachment":[{"href":"https:\/\/www.hoolekandeteenused.ee\/heahoog\/wp-json\/wp\/v2\/media?parent=229"}],"wp:term":[{"taxonomy":"category","embeddable":true,"href":"https:\/\/www.hoolekandeteenused.ee\/heahoog\/wp-json\/wp\/v2\/categories?post=229"},{"taxonomy":"post_tag","embeddable":true,"href":"https:\/\/www.hoolekandeteenused.ee\/heahoog\/wp-json\/wp\/v2\/tags?post=229"}],"curies":[{"name":"wp","href":"https:\/\/api.w.org\/{rel}","templated":true}]}}